{"id":9209,"date":"2026-06-04T11:31:05","date_gmt":"2026-06-04T09:31:05","guid":{"rendered":"http:\/\/www.fundaciolluiscoromina.org\/?p=6921"},"modified":"2026-09-02T16:50:27","modified_gmt":"2026-09-02T14:50:27","slug":"lespai-eat-art-de-banyoles-acull-dues-propostes-de-la-22a-edicio-de-laphonica","status":"publish","type":"post","link":"http:\/\/fundaciolluiscoromina.org\/index.php\/2026\/06\/04\/lespai-eat-art-de-banyoles-acull-dues-propostes-de-la-22a-edicio-de-laphonica\/","title":{"rendered":"L\u2019Espai Eat Art de Banyoles acull dues propostes de la 22a edici\u00f3 de l'(a)ph\u00f2nica"},"content":{"rendered":"<p>Un any m\u00e9s, la Fundaci\u00f3 Llu\u00eds Coromina Isern col\u00b7labora amb l\u2019(a)ph\u00f2nica, el Festival de la Veu de Banyoles, i acollir\u00e0 dues de les activitats de la 22a edici\u00f3 a l\u2019Espai Eat Art de Banyoles. Per una banda, el concert de la cantant Carmen Aciar, que presentar\u00e0 el seu segon treball<em>\u00a0De amores y miedos, <\/em>acompanyada del guitarrista Pau Mascort, el diumenge 28 de juny a les 13 h. Una proposta delicada i personal que tra\u00e7a un pont entre el folklore argent\u00ed, el pop i les sonoritats mediterr\u00e0nies. Per altra banda, des del 19 de juny i fins al dissabte 8 d\u2019agost, l\u2019exposici\u00f3 <em>Dibuix en directe<\/em>, una mostra formada per les obres d\u2019una desena d\u2019il\u00b7lustradors que, mitjan\u00e7ant una gran diversitat d\u2019estils, tra\u00e7os colors i suports, recorreran el festival per plasmar els moments ef\u00edmers viscuts durant el festival.<\/p>\n<p>&nbsp;<\/p>\n<p><strong>Horaris de l&#8217;Espai Eat Art durat el Festival<\/strong><\/p>\n<p>De dimecres a divendres: de 16 h a 20 h<\/p>\n<p>Dissabtes i diumenge 28 de juny de 10 h a 14 h i de 16 h a 20 h<\/p>\n","protected":false},"excerpt":{"rendered":"<p>Un any m\u00e9s, la Fundaci\u00f3 Llu\u00eds Coromina Isern col\u00b7labora amb l\u2019(a)ph\u00f2nica, el Festival de la Veu de Banyoles, i acollir\u00e0 &#8230;<\/p>\n","protected":false},"author":1,"featured_media":9203,"comment_status":"closed","ping_status":"open","sticky":false,"template":"","format":"standard","meta":{"footnotes":""},"categories":[14,15,10,2,262],"tags":[],"class_list":["post-9209","post","type-post","status-publish","format-standard","has-post-thumbnail","hentry","category-accions-culturals","category-accions-socials","category-activitats","category-uncategorized","category-noticies"],"_links":{"self":[{"href":"http:\/\/fundaciolluiscoromina.org\/index.php\/wp-json\/wp\/v2\/posts\/9209","targetHints":{"allow":["GET"]}}],"collection":[{"href":"http:\/\/fundaciolluiscoromina.org\/index.php\/wp-json\/wp\/v2\/posts"}],"about":[{"href":"http:\/\/fundaciolluiscoromina.org\/index.php\/wp-json\/wp\/v2\/types\/post"}],"author":[{"embeddable":true,"href":"http:\/\/fundaciolluiscoromina.org\/index.php\/wp-json\/wp\/v2\/users\/1"}],"replies":[{"embeddable":true,"href":"http:\/\/fundaciolluiscoromina.org\/index.php\/wp-json\/wp\/v2\/comments?post=9209"}],"version-history":[{"count":1,"href":"http:\/\/fundaciolluiscoromina.org\/index.php\/wp-json\/wp\/v2\/posts\/9209\/revisions"}],"predecessor-version":[{"id":9213,"href":"http:\/\/fundaciolluiscoromina.org\/index.php\/wp-json\/wp\/v2\/posts\/9209\/revisions\/9213"}],"wp:featuredmedia":[{"embeddable":true,"href":"http:\/\/fundaciolluiscoromina.org\/index.php\/wp-json\/wp\/v2\/media\/9203"}],"wp:attachment":[{"href":"http:\/\/fundaciolluiscoromina.org\/index.php\/wp-json\/wp\/v2\/media?parent=9209"}],"wp:term":[{"taxonomy":"category","embeddable":true,"href":"http:\/\/fundaciolluiscoromina.org\/index.php\/wp-json\/wp\/v2\/categories?post=9209"},{"taxonomy":"post_tag","embeddable":true,"href":"http:\/\/fundaciolluiscoromina.org\/index.php\/wp-json\/wp\/v2\/tags?post=9209"}],"curies":[{"name":"wp","href":"https:\/\/api.w.org\/{rel}","templated":true}]}}