{"id":9210,"date":"2026-06-11T12:36:32","date_gmt":"2026-06-11T10:36:32","guid":{"rendered":"http:\/\/www.fundaciolluiscoromina.org\/?p=6927"},"modified":"2026-09-02T16:50:27","modified_gmt":"2026-09-02T14:50:27","slug":"lespai-isern-dalmau-de-barcelona-acull-la-inauguracio-de-lexposicio-glops-biennal-dart-jove","status":"publish","type":"post","link":"http:\/\/fundaciolluiscoromina.org\/index.php\/2026\/06\/11\/lespai-isern-dalmau-de-barcelona-acull-la-inauguracio-de-lexposicio-glops-biennal-dart-jove\/","title":{"rendered":"L\u2019Espai Isern Dalmau de Barcelona acull la inauguraci\u00f3 de l\u2019exposici\u00f3 \u2018Biennal d\u2019Art Jove Glops\u2019"},"content":{"rendered":"<p>El pr\u00f2xim dimecres 17 de juny, a les 19 h, l\u2019Espai Isern Dalmau de Barcelona acollir\u00e0 la inauguraci\u00f3 de <em>Biennal d\u2019Art Jove\u00a0Glops, <\/em>una exposici\u00f3 col\u00b7lectiva d\u2019artistes que van participar al novembre de 2025 a la Biennal d\u2019Art Jove Glops en diversos espais de Vilafranca del Pended\u00e8s.<\/p>\n<p>Glops \u00e9s un projecte que va n\u00e9ixer amb la voluntat d\u2019arriscar-se i que posa a disposici\u00f3 del talent jove un espai col\u00b7lectiu on residir i projectar l\u2019expressi\u00f3 art\u00edstica com a eina de transformaci\u00f3 i revoluci\u00f3. Aquesta biennal explora com pensa actualment la nova generaci\u00f3 d\u2019artistes catalans i demana llegir Catalunya com un ecosistema creatiu dens, amb tensions, capes i futurs possibles.<\/p>\n<p>L\u2019exposici\u00f3 es podr\u00e0 visitar fins al dimecres 1 d\u2019agost en horari d\u2019obertura.<\/p>\n<p>Horaris: de dimarts a divendres de 17 h a 20 h, dissabtes de 10 h a 13 h.<\/p>\n","protected":false},"excerpt":{"rendered":"<p>El pr\u00f2xim dimecres 17 de juny, a les 19 h, l\u2019Espai Isern Dalmau de Barcelona acollir\u00e0 la inauguraci\u00f3 de Biennal &#8230;<\/p>\n","protected":false},"author":1,"featured_media":9204,"comment_status":"closed","ping_status":"open","sticky":false,"template":"","format":"standard","meta":{"footnotes":""},"categories":[259,228],"tags":[],"class_list":["post-9210","post","type-post","status-publish","format-standard","has-post-thumbnail","hentry","category-exposicio-actual","category-exposicions-espai-isern-dalmau"],"_links":{"self":[{"href":"http:\/\/fundaciolluiscoromina.org\/index.php\/wp-json\/wp\/v2\/posts\/9210","targetHints":{"allow":["GET"]}}],"collection":[{"href":"http:\/\/fundaciolluiscoromina.org\/index.php\/wp-json\/wp\/v2\/posts"}],"about":[{"href":"http:\/\/fundaciolluiscoromina.org\/index.php\/wp-json\/wp\/v2\/types\/post"}],"author":[{"embeddable":true,"href":"http:\/\/fundaciolluiscoromina.org\/index.php\/wp-json\/wp\/v2\/users\/1"}],"replies":[{"embeddable":true,"href":"http:\/\/fundaciolluiscoromina.org\/index.php\/wp-json\/wp\/v2\/comments?post=9210"}],"version-history":[{"count":1,"href":"http:\/\/fundaciolluiscoromina.org\/index.php\/wp-json\/wp\/v2\/posts\/9210\/revisions"}],"predecessor-version":[{"id":9211,"href":"http:\/\/fundaciolluiscoromina.org\/index.php\/wp-json\/wp\/v2\/posts\/9210\/revisions\/9211"}],"wp:featuredmedia":[{"embeddable":true,"href":"http:\/\/fundaciolluiscoromina.org\/index.php\/wp-json\/wp\/v2\/media\/9204"}],"wp:attachment":[{"href":"http:\/\/fundaciolluiscoromina.org\/index.php\/wp-json\/wp\/v2\/media?parent=9210"}],"wp:term":[{"taxonomy":"category","embeddable":true,"href":"http:\/\/fundaciolluiscoromina.org\/index.php\/wp-json\/wp\/v2\/categories?post=9210"},{"taxonomy":"post_tag","embeddable":true,"href":"http:\/\/fundaciolluiscoromina.org\/index.php\/wp-json\/wp\/v2\/tags?post=9210"}],"curies":[{"name":"wp","href":"https:\/\/api.w.org\/{rel}","templated":true}]}}