{"id":926,"date":"2011-12-13T13:30:53","date_gmt":"2011-12-13T13:30:53","guid":{"rendered":"http:\/\/espaieatart.wordpress.com\/2011\/12\/13\/felicitacio-nadal-bona-2011\/"},"modified":"2011-12-13T13:30:53","modified_gmt":"2011-12-13T13:30:53","slug":"felicitacio-nadal-bona-2011","status":"publish","type":"post","link":"http:\/\/fundaciolluiscoromina.org\/index.php\/2011\/12\/13\/felicitacio-nadal-bona-2011\/","title":{"rendered":"Felicitaci\u00f3 Nadal 2011"},"content":{"rendered":"<p><a href=\"http:\/\/espaieatart.wordpress.com\/2011\/12\/13\/felicitacio-nadal-bona-2011\/\"><img decoding=\"async\" class=\"size-full wp-image-923\" src=\"http:\/\/espaieatart.files.wordpress.com\/2011\/12\/felicitacic3b3-nadal-bona-2011.jpg\" alt=\"Felicitaci\u00f3 Nadal bona 2011\" \/><\/a><\/p>\n<p>Les festes de nadal ja s\u00f3n aqu\u00ed, aix\u00ed que nosaltres posem el nostre gra de sorra i aqu\u00ed teniu la nostra contribuci\u00f3. Un scalextric tunejat per Llu\u00eds Vil\u00e0 i que estem treballant per fer-ne una edici\u00f3 especial conjuntament amb la marca catalana.<\/p>\n","protected":false},"excerpt":{"rendered":"<p><a href=\"http:\/\/espaieatart.wordpress.com\/2011\/12\/13\/felicitacio-nadal-bona-2011\/\"><img decoding=\"async\" src=\"http:\/\/espaieatart.files.wordpress.com\/2011\/12\/felicitacic3b3-nadal-bona-2011.jpg\" alt=\"Felicitaci\u00f3 Nadal bona 2011\" class=\"size-full wp-image-923\" \/><\/a><\/p>\n","protected":false},"author":1,"featured_media":923,"comment_status":"open","ping_status":"open","sticky":false,"template":"","format":"image","meta":{"footnotes":""},"categories":[9],"tags":[],"class_list":["post-926","post","type-post","status-publish","format-image","has-post-thumbnail","hentry","category-historic","post_format-post-format-image"],"_links":{"self":[{"href":"http:\/\/fundaciolluiscoromina.org\/index.php\/wp-json\/wp\/v2\/posts\/926","targetHints":{"allow":["GET"]}}],"collection":[{"href":"http:\/\/fundaciolluiscoromina.org\/index.php\/wp-json\/wp\/v2\/posts"}],"about":[{"href":"http:\/\/fundaciolluiscoromina.org\/index.php\/wp-json\/wp\/v2\/types\/post"}],"author":[{"embeddable":true,"href":"http:\/\/fundaciolluiscoromina.org\/index.php\/wp-json\/wp\/v2\/users\/1"}],"replies":[{"embeddable":true,"href":"http:\/\/fundaciolluiscoromina.org\/index.php\/wp-json\/wp\/v2\/comments?post=926"}],"version-history":[{"count":0,"href":"http:\/\/fundaciolluiscoromina.org\/index.php\/wp-json\/wp\/v2\/posts\/926\/revisions"}],"wp:attachment":[{"href":"http:\/\/fundaciolluiscoromina.org\/index.php\/wp-json\/wp\/v2\/media?parent=926"}],"wp:term":[{"taxonomy":"category","embeddable":true,"href":"http:\/\/fundaciolluiscoromina.org\/index.php\/wp-json\/wp\/v2\/categories?post=926"},{"taxonomy":"post_tag","embeddable":true,"href":"http:\/\/fundaciolluiscoromina.org\/index.php\/wp-json\/wp\/v2\/tags?post=926"}],"curies":[{"name":"wp","href":"https:\/\/api.w.org\/{rel}","templated":true}]}}