{"id":948,"date":"2011-12-19T09:00:20","date_gmt":"2011-12-19T09:00:20","guid":{"rendered":"http:\/\/espaieatart.wordpress.com\/?p=948"},"modified":"2011-12-19T09:00:20","modified_gmt":"2011-12-19T09:00:20","slug":"el-puntal-laboratori-de-les-arts-presenta-nou-logotip","status":"publish","type":"post","link":"http:\/\/fundaciolluiscoromina.org\/index.php\/2011\/12\/19\/el-puntal-laboratori-de-les-arts-presenta-nou-logotip\/","title":{"rendered":"El Puntal &#8211; laboratori de les arts presenta nou logotip"},"content":{"rendered":"<p>Durant la jornada \u00abEscultures transitables\u00bb, Llu\u00eds Coromina, impulsor d&#8217;El Puntal &#8211; laboratori de les arts, dins el qual hi ha el Llu\u00eds Vil\u00e0 Showroom, va donar a con\u00e8ixer la nova imatge coorporativa de l&#8217;edifici i la seva resignificaci\u00f3.<\/p>\n<p>La imatge, que ha anat a cura de bonart cultural i que ha estat desenvolupada per la seva cap de disseny, Marta Vila, posa de manifest al\u00b7leg\u00f2ricament un puntal que est\u00e0 format per tipografies. La lletra com a codi i com a suport intel\u00b7lectual per suportar les estructures del coneixement.<\/p>\n<div>\n<div>\n<div>\n<div>\n<p>A m\u00e9s, el projecte sobre la seu d\u2019El Puntal esta\u0300 inspirat en el mateix nom que rep el lloc i en les caracter\u00edstiques fi\u0301siques de l\u2019edifici, que mante\u0301 de forma permanent una estructura meta\u0300l.lica soportada per puntals. El logotip reflecteix d\u2019una forma clara i directa un dels puntals. A me\u0301s ho fa amb la mateixa tiporafi\u0301a que s&#8217;ha fet servir (Block) per els altres dos espais que complementen el conjunt arti\u0301stic: El Llui\u00eds Vil\u00e0 showroom i l\u2019espai Eat Art.<\/p>\n<p>element d&#8217;inspiracio\u0301:<\/p>\n<p><a href=\"http:\/\/espaieatart.files.wordpress.com\/2011\/12\/captura-de-pantalla-2011-12-18-a-las-06-48-51.png\"><img loading=\"lazy\" decoding=\"async\" class=\"alignnone size-full wp-image-950\" title=\"Captura de pantalla 2011-12-18 a la(s) 06.48.51\" src=\"http:\/\/espaieatart.files.wordpress.com\/2011\/12\/captura-de-pantalla-2011-12-18-a-las-06-48-51.png\" alt=\"\" width=\"212\" height=\"306\" \/><\/a><\/p>\n<p>&nbsp;<\/p>\n<p>el logotip:<\/p>\n<\/div>\n<\/div>\n<\/div>\n<\/div>\n<p><a href=\"http:\/\/espaieatart.files.wordpress.com\/2011\/12\/pancarta-el-puntal1.jpg\"><img loading=\"lazy\" decoding=\"async\" class=\"alignnone size-full wp-image-949\" title=\"pancarta el puntal\" src=\"http:\/\/espaieatart.files.wordpress.com\/2011\/12\/pancarta-el-puntal1.jpg\" alt=\"\" width=\"529\" height=\"748\" \/><\/a><\/p>\n<p><a href=\"http:\/\/espaieatart.files.wordpress.com\/2011\/12\/captura-de-pantalla-2011-12-18-a-las-06-51-43.png\"><img loading=\"lazy\" decoding=\"async\" class=\"alignnone size-full wp-image-951\" title=\"Captura de pantalla 2011-12-18 a la(s) 06.51.43\" src=\"http:\/\/espaieatart.files.wordpress.com\/2011\/12\/captura-de-pantalla-2011-12-18-a-las-06-51-43.png\" alt=\"\" width=\"529\" height=\"730\" \/><\/a><\/p>\n","protected":false},"excerpt":{"rendered":"<p>Durant la jornada \u00abEscultures transitables\u00bb, Llu\u00eds Coromina, impulsor d&#8217;El Puntal &#8211; laboratori de les arts, dins el qual hi ha &#8230;<\/p>\n","protected":false},"author":1,"featured_media":950,"comment_status":"open","ping_status":"open","sticky":false,"template":"","format":"standard","meta":{"footnotes":""},"categories":[9],"tags":[],"class_list":["post-948","post","type-post","status-publish","format-standard","has-post-thumbnail","hentry","category-historic"],"_links":{"self":[{"href":"http:\/\/fundaciolluiscoromina.org\/index.php\/wp-json\/wp\/v2\/posts\/948","targetHints":{"allow":["GET"]}}],"collection":[{"href":"http:\/\/fundaciolluiscoromina.org\/index.php\/wp-json\/wp\/v2\/posts"}],"about":[{"href":"http:\/\/fundaciolluiscoromina.org\/index.php\/wp-json\/wp\/v2\/types\/post"}],"author":[{"embeddable":true,"href":"http:\/\/fundaciolluiscoromina.org\/index.php\/wp-json\/wp\/v2\/users\/1"}],"replies":[{"embeddable":true,"href":"http:\/\/fundaciolluiscoromina.org\/index.php\/wp-json\/wp\/v2\/comments?post=948"}],"version-history":[{"count":0,"href":"http:\/\/fundaciolluiscoromina.org\/index.php\/wp-json\/wp\/v2\/posts\/948\/revisions"}],"wp:attachment":[{"href":"http:\/\/fundaciolluiscoromina.org\/index.php\/wp-json\/wp\/v2\/media?parent=948"}],"wp:term":[{"taxonomy":"category","embeddable":true,"href":"http:\/\/fundaciolluiscoromina.org\/index.php\/wp-json\/wp\/v2\/categories?post=948"},{"taxonomy":"post_tag","embeddable":true,"href":"http:\/\/fundaciolluiscoromina.org\/index.php\/wp-json\/wp\/v2\/tags?post=948"}],"curies":[{"name":"wp","href":"https:\/\/api.w.org\/{rel}","templated":true}]}}