{"id":9570,"date":"2026-08-18T11:55:02","date_gmt":"2026-08-18T09:55:02","guid":{"rendered":"http:\/\/www.fundaciolluiscoromina.org\/?p=6942"},"modified":"2026-09-02T16:50:26","modified_gmt":"2026-09-02T14:50:26","slug":"lespai-eat-art-acull-lexposicio-brossa-portatil-la-maleta-museu-dedicada-a-lunivers-visual-de-joan-brossa","status":"publish","type":"post","link":"http:\/\/fundaciolluiscoromina.org\/index.php\/2026\/08\/18\/lespai-eat-art-acull-lexposicio-brossa-portatil-la-maleta-museu-dedicada-a-lunivers-visual-de-joan-brossa\/","title":{"rendered":"L&#8217;Espai Eat Art acull l&#8217;exposici\u00f3 &#8216;Brossa port\u00e0til. La maleta museu&#8217;, dedicada a l&#8217;univers visual de Joan Brossa"},"content":{"rendered":"<p>A partir del divendres 21 d&#8217;agost, l&#8217;Espai Eat Art de Banyoles\u00a0acollir\u00e0 l&#8217;exposici\u00f3\u00a0<em>Brossa port\u00e0til. La maleta museu<\/em>, comissariada pel cr\u00edtic d\u2019art i editor de BONART, Ricard Planas. Una mostra que es podr\u00e0 visitar fins al dissabte 10 d&#8217;octubre que t\u00e9 l&#8217;objectiu d&#8217;acostar al p\u00fablic l&#8217;univers visual d&#8217;un dels grans referents de la poesia visual catalana, Joan Brossa.<\/p>\n<p>La proposta parteix del portafolis <em>Tot Brossa<\/em>, editat el 1997, i converteix una maleta de viatge en un petit museu port\u00e0til que reuneix vint-i-cinc peces de poesia visual. A trav\u00e9s de l\u2019objecte, la paraula, la imatge i el signe, Brossa explora el joc, l\u2019humor i la ironia per transformar all\u00f2 quotidi\u00e0 i convidar-nos a mirar la realitat des d\u2019una nova perspectiva. L\u2019exposici\u00f3 concep la maleta com un univers comprimit que, en obrir-se, s\u2019expandeix i ens convida a descobrir una obra que continua sorprenent i interpel\u00b7lant la nostra mirada.<\/p>\n","protected":false},"excerpt":{"rendered":"<p>A partir del divendres 21 d&#8217;agost, l&#8217;Espai Eat Art de Banyoles\u00a0acollir\u00e0 l&#8217;exposici\u00f3\u00a0Brossa port\u00e0til. La maleta museu, comissariada pel cr\u00edtic d\u2019art &#8230;<\/p>\n","protected":false},"author":1,"featured_media":9574,"comment_status":"closed","ping_status":"open","sticky":false,"template":"","format":"standard","meta":{"footnotes":""},"categories":[14,10,17],"tags":[],"class_list":["post-9570","post","type-post","status-publish","format-standard","has-post-thumbnail","hentry","category-accions-culturals","category-activitats","category-exposicions-espai-eat-art"],"_links":{"self":[{"href":"http:\/\/fundaciolluiscoromina.org\/index.php\/wp-json\/wp\/v2\/posts\/9570","targetHints":{"allow":["GET"]}}],"collection":[{"href":"http:\/\/fundaciolluiscoromina.org\/index.php\/wp-json\/wp\/v2\/posts"}],"about":[{"href":"http:\/\/fundaciolluiscoromina.org\/index.php\/wp-json\/wp\/v2\/types\/post"}],"author":[{"embeddable":true,"href":"http:\/\/fundaciolluiscoromina.org\/index.php\/wp-json\/wp\/v2\/users\/1"}],"replies":[{"embeddable":true,"href":"http:\/\/fundaciolluiscoromina.org\/index.php\/wp-json\/wp\/v2\/comments?post=9570"}],"version-history":[{"count":1,"href":"http:\/\/fundaciolluiscoromina.org\/index.php\/wp-json\/wp\/v2\/posts\/9570\/revisions"}],"predecessor-version":[{"id":9577,"href":"http:\/\/fundaciolluiscoromina.org\/index.php\/wp-json\/wp\/v2\/posts\/9570\/revisions\/9577"}],"wp:featuredmedia":[{"embeddable":true,"href":"http:\/\/fundaciolluiscoromina.org\/index.php\/wp-json\/wp\/v2\/media\/9574"}],"wp:attachment":[{"href":"http:\/\/fundaciolluiscoromina.org\/index.php\/wp-json\/wp\/v2\/media?parent=9570"}],"wp:term":[{"taxonomy":"category","embeddable":true,"href":"http:\/\/fundaciolluiscoromina.org\/index.php\/wp-json\/wp\/v2\/categories?post=9570"},{"taxonomy":"post_tag","embeddable":true,"href":"http:\/\/fundaciolluiscoromina.org\/index.php\/wp-json\/wp\/v2\/tags?post=9570"}],"curies":[{"name":"wp","href":"https:\/\/api.w.org\/{rel}","templated":true}]}}