{"id":959,"date":"2011-12-20T09:00:13","date_gmt":"2011-12-20T09:00:13","guid":{"rendered":"http:\/\/espaieatart.wordpress.com\/?p=959"},"modified":"2011-12-20T09:00:13","modified_gmt":"2011-12-20T09:00:13","slug":"made-in-banyoles2-visibilitza-lalt-nivell-de-la-creacio-contemporania-banyolina","status":"publish","type":"post","link":"http:\/\/fundaciolluiscoromina.org\/index.php\/2011\/12\/20\/made-in-banyoles2-visibilitza-lalt-nivell-de-la-creacio-contemporania-banyolina\/","title":{"rendered":"\u00abMade in Banyoles#2\u00bb visibilitza l&#8217;alt nivell de la creaci\u00f3 contempor\u00e0nia banyolina"},"content":{"rendered":"<div id=\"attachment_960\" style=\"width: 539px\" class=\"wp-caption alignnone\"><a href=\"http:\/\/espaieatart.files.wordpress.com\/2011\/12\/peccca7a-pujol-showroom_72.jpg\"><img loading=\"lazy\" decoding=\"async\" aria-describedby=\"caption-attachment-960\" class=\"wp-image-960  \" title=\"pec\u0327a pujol showroom_72\" src=\"http:\/\/espaieatart.files.wordpress.com\/2011\/12\/peccca7a-pujol-showroom_72.jpg\" alt=\"\" width=\"529\" height=\"396\" \/><\/a><p id=\"caption-attachment-960\" class=\"wp-caption-text\">Escultura de l&#039;artista Carme Pujol que es pot veure a la col\u00b7lectiva &quot;Made in Banyoles#2&quot;. Fotografia Anna Bah\u00ed<\/p><\/div>\n<p>Un bon recull de la millor creaci\u00f3 contempor\u00e0nia de Banyoles i del Pla de l&#8217;Estany es va donar cita a <em>Made in Banyoles#2. <\/em>Aquesta exposici\u00f3 col\u00b7lectiva, que va acullir l&#8217;espai Llu\u00eds Vil\u00e0 Showroom de l&#8217;edifici El Puntal -laboratori de les arts- de la ciutat, va posar de relleu l&#8217;alt nivel dels creadors d&#8217;art contemporani que treballen des d&#8217;aquest territori. Un ventall ampli i intergeneracional es va donar cabuda i va exhibir peces de pintura, escultura, dibuix, fotomuntatge, fotografia, v\u00eddeoart i performance.<\/p>\n<p>La vetllada havia comen\u00e7at el passat divendres 16 de desembre amb una visita a la Llotja el Tint, m\u00edtic espai de creaci\u00f3 i reflexi\u00f3 sobre art, on Martiri\u00e0 Figueres i Ricard Planas van fer un recorregut guiat a l\u2019exposici\u00f3\u00a0<em>Escultures transitables: Llu\u00eds Vil\u00e0 \/ Martiri\u00e0 Figueras. El Croscat<\/em>, que \u00e9s l\u2019exposici\u00f3 a patir de la qual es va generar la jornada \u00abEscultures transitables\u00bb, que es va acollir al Llu\u00eds Vil\u00e0 Showroom aquell mateix dia. L&#8217;esdeveniment es va clausurar amb la inauguraci\u00f3 de la col\u00b7lectiva\u00a0<em>Made in banyoles#2.<\/em><\/p>\n<p>Els autors que han participat en aquesta edici\u00f3, que pret\u00e9n tenir continu\u00eftat i abra\u00e7ar altres creadors no presents enguany, s\u00f3n Francesc Daranas, Benet Costa, Mim Junc\u00e0, Barraca, Amadeu Fabra, Gonzalo Tabuenca, Marc Curri\u00e0 i Llu\u00eds Vila (dibuix i pintura); Carme Pujol, Xicu Cabanyes, Rafael Feliu, Rafael Marquina, Jordi Gich i Marc Estany (escultura); Josep Masdevall (instal\u00b7laci\u00f3) i Andoni Canela, Anna Bah\u00ed, Joan Comalat i Joan de la Parra (fotografia). Tots els artistes van ser presents a l\u2019acte i molts d\u2019ells van participar activament en la jornada.<\/p>\n<p>L\u2019exposici\u00f3 estar\u00e0 oberta fins al 31 de gener del 2012. Horaris a convenir. Carrer Girona, 155 de Banyoles. <em>972 583 477 \/ 972 575 229<\/em><br \/>\n<em><\/em><\/p>\n","protected":false},"excerpt":{"rendered":"<p>Un bon recull de la millor creaci\u00f3 contempor\u00e0nia de Banyoles i del Pla de l&#8217;Estany es va donar cita a &#8230;<\/p>\n","protected":false},"author":1,"featured_media":960,"comment_status":"open","ping_status":"open","sticky":false,"template":"","format":"standard","meta":{"footnotes":""},"categories":[9],"tags":[24,55,19,38,47,56],"class_list":["post-959","post","type-post","status-publish","format-standard","has-post-thumbnail","hentry","category-historic","tag-art","tag-art-contemporani","tag-banyoles","tag-el-puntal","tag-lluis-vila-showroom","tag-pla-de-lestant"],"_links":{"self":[{"href":"http:\/\/fundaciolluiscoromina.org\/index.php\/wp-json\/wp\/v2\/posts\/959","targetHints":{"allow":["GET"]}}],"collection":[{"href":"http:\/\/fundaciolluiscoromina.org\/index.php\/wp-json\/wp\/v2\/posts"}],"about":[{"href":"http:\/\/fundaciolluiscoromina.org\/index.php\/wp-json\/wp\/v2\/types\/post"}],"author":[{"embeddable":true,"href":"http:\/\/fundaciolluiscoromina.org\/index.php\/wp-json\/wp\/v2\/users\/1"}],"replies":[{"embeddable":true,"href":"http:\/\/fundaciolluiscoromina.org\/index.php\/wp-json\/wp\/v2\/comments?post=959"}],"version-history":[{"count":0,"href":"http:\/\/fundaciolluiscoromina.org\/index.php\/wp-json\/wp\/v2\/posts\/959\/revisions"}],"wp:attachment":[{"href":"http:\/\/fundaciolluiscoromina.org\/index.php\/wp-json\/wp\/v2\/media?parent=959"}],"wp:term":[{"taxonomy":"category","embeddable":true,"href":"http:\/\/fundaciolluiscoromina.org\/index.php\/wp-json\/wp\/v2\/categories?post=959"},{"taxonomy":"post_tag","embeddable":true,"href":"http:\/\/fundaciolluiscoromina.org\/index.php\/wp-json\/wp\/v2\/tags?post=959"}],"curies":[{"name":"wp","href":"https:\/\/api.w.org\/{rel}","templated":true}]}}