{"id":9632,"date":"2026-08-31T10:52:52","date_gmt":"2026-08-31T08:52:52","guid":{"rendered":"http:\/\/www.fundaciolluiscoromina.org\/?p=6954"},"modified":"2026-09-02T16:50:26","modified_gmt":"2026-09-02T14:50:26","slug":"lespai-isern-dalmau-de-barcelona-inaugura-lexposicio-el-cos-dels-cossos-de-lartista-colombia-leonel-castaneda-galeano","status":"publish","type":"post","link":"http:\/\/fundaciolluiscoromina.org\/index.php\/2026\/08\/31\/lespai-isern-dalmau-de-barcelona-inaugura-lexposicio-el-cos-dels-cossos-de-lartista-colombia-leonel-castaneda-galeano\/","title":{"rendered":"L&#8217;Espai Isern Dalmau de Barcelona inaugura l&#8217;exposici\u00f3 &#8216;El cos dels cossos&#8217; de l&#8217;artista colombi\u00e0 Leonel Casta\u00f1eda Galeano"},"content":{"rendered":"<p>El pr\u00f2xim dijous 3 de setembre, a les 19 h, l&#8217;Espai Isern Dalmau de Barcelona\u00a0acollir\u00e0 la inauguraci\u00f3 de l&#8217;exposici\u00f3 <em>El cos dels cossos<\/em> de l&#8217;artista colombi\u00e0 Leonel Casta\u00f1eda Galeano\u00a0a l&#8217;Espai Isern Dalmau de Barcelona, comissariada per Fernando Cuevas Ulitzsch.\u00a0Una mostra que presenta el cos com un espai obert a m\u00faltiples experi\u00e8ncies: la mem\u00f2ria, el desig, la malaltia, la cura i la transformaci\u00f3.<\/p>\n<p>Mitjan\u00e7ant fragments de corporalitats, dispositius m\u00e8dics i objectes marcats disposats en vitrines, l&#8217;artista construeix pres\u00e8ncies que desafien la manera com comprenem la difer\u00e8ncia.\u00a0Els cossos que emergeixen en aquestes obres no busquen representar-nos ni oferir una imatge idealitzada d&#8217;all\u00f2 hum\u00e0; ben al contrari, ens interpel\u00b7len. Ens recorden que estem constitu\u00efts per experi\u00e8ncies de fragilitat i depend\u00e8ncia, i que \u00e9s precisament en aquesta diversitat on rau la possibilitat de la trobada amb l&#8217;altre.<\/p>\n<p>Artista i muse\u00f2graf, Leonel Casta\u00f1eda Galeano (Bogot\u00e0, Col\u00f2mbia, 1971) ha desenvolupat el seu treball en la intersecci\u00f3 entre l&#8217;art, la filosofia i l&#8217;experi\u00e8ncia del cos. Des de fa m\u00e9s de trenta anys, ha constru\u00eft una vasta col\u00b7lecci\u00f3 d&#8217;all\u00f2 que la ciutat rebutja. Recorre els seus carrers a la recerca de vestigis que han perdut la seva funci\u00f3 i que, en ser apartats dels circuits de l&#8217;\u00fas, semblen haver exhaurit el seu sentit.<\/p>\n","protected":false},"excerpt":{"rendered":"<p>El pr\u00f2xim dijous 3 de setembre, a les 19 h, l&#8217;Espai Isern Dalmau de Barcelona\u00a0acollir\u00e0 la inauguraci\u00f3 de l&#8217;exposici\u00f3 El &#8230;<\/p>\n","protected":false},"author":1,"featured_media":9634,"comment_status":"closed","ping_status":"open","sticky":false,"template":"","format":"standard","meta":{"footnotes":""},"categories":[14,10,2,228],"tags":[],"class_list":["post-9632","post","type-post","status-publish","format-standard","has-post-thumbnail","hentry","category-accions-culturals","category-activitats","category-uncategorized","category-exposicions-espai-isern-dalmau"],"_links":{"self":[{"href":"http:\/\/fundaciolluiscoromina.org\/index.php\/wp-json\/wp\/v2\/posts\/9632","targetHints":{"allow":["GET"]}}],"collection":[{"href":"http:\/\/fundaciolluiscoromina.org\/index.php\/wp-json\/wp\/v2\/posts"}],"about":[{"href":"http:\/\/fundaciolluiscoromina.org\/index.php\/wp-json\/wp\/v2\/types\/post"}],"author":[{"embeddable":true,"href":"http:\/\/fundaciolluiscoromina.org\/index.php\/wp-json\/wp\/v2\/users\/1"}],"replies":[{"embeddable":true,"href":"http:\/\/fundaciolluiscoromina.org\/index.php\/wp-json\/wp\/v2\/comments?post=9632"}],"version-history":[{"count":1,"href":"http:\/\/fundaciolluiscoromina.org\/index.php\/wp-json\/wp\/v2\/posts\/9632\/revisions"}],"predecessor-version":[{"id":9635,"href":"http:\/\/fundaciolluiscoromina.org\/index.php\/wp-json\/wp\/v2\/posts\/9632\/revisions\/9635"}],"wp:featuredmedia":[{"embeddable":true,"href":"http:\/\/fundaciolluiscoromina.org\/index.php\/wp-json\/wp\/v2\/media\/9634"}],"wp:attachment":[{"href":"http:\/\/fundaciolluiscoromina.org\/index.php\/wp-json\/wp\/v2\/media?parent=9632"}],"wp:term":[{"taxonomy":"category","embeddable":true,"href":"http:\/\/fundaciolluiscoromina.org\/index.php\/wp-json\/wp\/v2\/categories?post=9632"},{"taxonomy":"post_tag","embeddable":true,"href":"http:\/\/fundaciolluiscoromina.org\/index.php\/wp-json\/wp\/v2\/tags?post=9632"}],"curies":[{"name":"wp","href":"https:\/\/api.w.org\/{rel}","templated":true}]}}