{"id":965,"date":"2011-12-23T01:26:35","date_gmt":"2011-12-23T01:26:35","guid":{"rendered":"http:\/\/espaieatart.wordpress.com\/?p=965"},"modified":"2011-12-23T01:26:35","modified_gmt":"2011-12-23T01:26:35","slug":"lescultura-el-catala-universal-de-lluis-vila-al-museu-del-joguet-de-catalunya-figueres","status":"publish","type":"post","link":"http:\/\/fundaciolluiscoromina.org\/index.php\/2011\/12\/23\/lescultura-el-catala-universal-de-lluis-vila-al-museu-del-joguet-de-catalunya-figueres\/","title":{"rendered":"L&#8217;escultura \u00abEl catal\u00e0 universal\u00bb de Llu\u00eds Vil\u00e0, al Museu del Joguet de Catalunya &#8211; Figueres"},"content":{"rendered":"<p>Llu\u00eds Coromina, impulsor de l&#8217;espai eat art i del llu\u00eds vil\u00e0 showroom de Banyoles, va fer donaci\u00f3 recentment al Museu del Joguet de Catalunya, ubicat a Figueres, d&#8217;una escultura de Llu\u00eds Vil\u00e0 titulada <em>El catal\u00e0 universal -el caganer de can japet<\/em>. L&#8217;obra, un m\u00faltiple d&#8217;un tiratge de 200 exemplars, es pot veure ja en una de les vitrines del centre empordan\u00e8s. <em>El catal\u00e0 universal<\/em> s&#8217;inclou dins l&#8217;\u00e0mplia col\u00b7lecci\u00f3 de peces fetes per artistes, i amb un deix proper a l&#8217;imaginari de les joguines, de qu\u00e8 disposa el museu. La donaci\u00f3 es va fer efectiva a principis de desembre i \u00e9s el principi d&#8217;una fruct\u00edfera col\u00b7laboraci\u00f3 entre ambdues entitats.<\/p>\n<p>L&#8217;escultura, amb el subt\u00edtol d<em>el caganer de can japet<\/em>, fa refer\u00e8ncia al forn de pa de banyoles amb qui col\u00b7laborava Llu\u00eds Vil\u00e0, que durant tota la seva traject\u00f2ria va relacionar els termes art i alimentaci\u00f3; fruit d&#8217;aix\u00f2 va sorgir el nom de l&#8217;espai eat art, una corrent sorgida als anys 70 en el m\u00f3n de l&#8217;art. L&#8217;objecte en ell mateix representa un caganer, t\u00edpic de la tradici\u00f3 pessebr\u00edstica catalana, que acaba fer una tifa en forma d&#8217;ensaimada. En una ir\u00f2nica met\u00e0fora sobre \u00absom el que caguem o caguem el que som\u00bb. La primera versi\u00f3 d&#8217;aquest enginy la t\u00e9 en propietat l&#8217;arquitecte i activista cultural Jeroni Moner qui, a m\u00e9s, disposa d&#8217;una destacada col\u00b7lecci\u00f3 d&#8217;aquesta figura m\u00edtica dels pessebres catalans.<\/p>\n<p>Aix\u00ed mateix, el Museu ha aprofitat aquesta donaci\u00f3 per fer servir el caganer com a felicitaci\u00f3 de nadal 2011, amb la difusi\u00f3 que ha comportat aquesta decisi\u00f3, ja que el centre t\u00e9 m\u00e9s d&#8217;un miler d&#8217;adreces electr\u00f2niques de socis i simpatitzants.<\/p>\n<p>http:\/\/<a href=\"http:\/\/www.mjc.cat\">www.mjc.cat<\/a><\/p>\n<p>document adjunt sobre la invitaci\u00f3 elaborada pel Museu del Joguet<\/p>\n<p><a href=\"http:\/\/espaieatart.files.wordpress.com\/2011\/12\/el-catalacc80-universal-pdf.pdf\">El Catala\u0300 Universal pdf<\/a><\/p>\n<p><a href=\"http:\/\/espaieatart.files.wordpress.com\/2011\/12\/caganer.jpg\"><img loading=\"lazy\" decoding=\"async\" class=\"alignnone size-full wp-image-968\" title=\"caganer\" src=\"http:\/\/espaieatart.files.wordpress.com\/2011\/12\/caganer.jpg\" alt=\"\" width=\"590\" height=\"884\" \/><\/a><\/p>\n","protected":false},"excerpt":{"rendered":"<p>Llu\u00eds Coromina, impulsor de l&#8217;espai eat art i del llu\u00eds vil\u00e0 showroom de Banyoles, va fer donaci\u00f3 recentment al Museu &#8230;<\/p>\n","protected":false},"author":1,"featured_media":968,"comment_status":"open","ping_status":"open","sticky":false,"template":"","format":"standard","meta":{"footnotes":""},"categories":[9],"tags":[19,57,58,59,21,22,60,61],"class_list":["post-965","post","type-post","status-publish","format-standard","has-post-thumbnail","hentry","category-historic","tag-banyoles","tag-can-japet","tag-catala","tag-figueres","tag-lluis-coromina","tag-lluis-vila","tag-museu-del-joguet","tag-universal"],"_links":{"self":[{"href":"http:\/\/fundaciolluiscoromina.org\/index.php\/wp-json\/wp\/v2\/posts\/965","targetHints":{"allow":["GET"]}}],"collection":[{"href":"http:\/\/fundaciolluiscoromina.org\/index.php\/wp-json\/wp\/v2\/posts"}],"about":[{"href":"http:\/\/fundaciolluiscoromina.org\/index.php\/wp-json\/wp\/v2\/types\/post"}],"author":[{"embeddable":true,"href":"http:\/\/fundaciolluiscoromina.org\/index.php\/wp-json\/wp\/v2\/users\/1"}],"replies":[{"embeddable":true,"href":"http:\/\/fundaciolluiscoromina.org\/index.php\/wp-json\/wp\/v2\/comments?post=965"}],"version-history":[{"count":0,"href":"http:\/\/fundaciolluiscoromina.org\/index.php\/wp-json\/wp\/v2\/posts\/965\/revisions"}],"wp:attachment":[{"href":"http:\/\/fundaciolluiscoromina.org\/index.php\/wp-json\/wp\/v2\/media?parent=965"}],"wp:term":[{"taxonomy":"category","embeddable":true,"href":"http:\/\/fundaciolluiscoromina.org\/index.php\/wp-json\/wp\/v2\/categories?post=965"},{"taxonomy":"post_tag","embeddable":true,"href":"http:\/\/fundaciolluiscoromina.org\/index.php\/wp-json\/wp\/v2\/tags?post=965"}],"curies":[{"name":"wp","href":"https:\/\/api.w.org\/{rel}","templated":true}]}}