{"id":9672,"date":"2026-09-03T10:09:41","date_gmt":"2026-09-03T08:09:41","guid":{"rendered":"http:\/\/fundaciolluiscoromina.org\/?p=9672"},"modified":"2026-09-05T17:25:11","modified_gmt":"2026-09-05T15:25:11","slug":"la-fundacio-lluis-coromina-isern-i-lajuntament-de-banyoles-presenten-el-llibre-lombra-de-joan-crous-al-claustre-del-monestir-de-sant-esteve","status":"publish","type":"post","link":"http:\/\/fundaciolluiscoromina.org\/index.php\/2026\/09\/03\/la-fundacio-lluis-coromina-isern-i-lajuntament-de-banyoles-presenten-el-llibre-lombra-de-joan-crous-al-claustre-del-monestir-de-sant-esteve\/","title":{"rendered":"La Fundaci\u00f3 Llu\u00eds Coromina Isern i l&#8217;Ajuntament de Banyoles presenten el llibre &#8216;L\u2019Ombra&#8217;, de Joan Crous al claustre del Monestir de Sant Esteve"},"content":{"rendered":"\n<h2 class=\"wp-block-heading\"><\/h2>\n\n\n\n<p class=\"wp-block-paragraph\">El pr\u00f2xim dimarts 8 de setembre, a les 19 h, la Fundaci\u00f3 Llu\u00eds Coromina Isern i l&#8217;Ajuntament de Banyoles oferiran la presentaci\u00f3 del llibre <em>L&#8217;Ombra<\/em> de Joan Crous al claustre del Monestir de Sant Esteve. Un acte que comptar\u00e0 amb la participaci\u00f3 de Joan Crous; Ricard Planas, gestor cultural i editor de Bonart, i Fernando Castro Fl\u00f3rez, cr\u00edtic d&#8217;art i curador d&#8217;exposicions, i que estar\u00e0 moderat per la gestora cultural Nat\u00e0lia Chocarro. En acabar, la vetllada continuar\u00e0 a l&#8217;Espai Eat Art de Banyoles, on se servir\u00e0 un refrigeri amb motiu de la inauguraci\u00f3 de l&#8217;exposici\u00f3 que hi ha actualment instal\u00b7lada, <em>Brossa port\u00e0til. La maleta museu<\/em>.\u00a0<\/p>\n\n\n\n<p class=\"wp-block-paragraph\">La publicaci\u00f3 neix del projecte expositiu presentat aquest estiu al mateix Monestir i en prolonga l\u2019experi\u00e8ncia m\u00e9s enll\u00e0 de l\u2019espai i del temps. Un llibre que recull mirades, paraules i resson\u00e0ncies entorn de l\u2019obra de Joan Crous i del seu particular univers creatiu.<\/p>\n","protected":false},"excerpt":{"rendered":"<p>El pr\u00f2xim dimarts 8 de setembre, a les 19 h, la Fundaci\u00f3 Llu\u00eds Coromina Isern i l&#8217;Ajuntament de Banyoles oferiran &#8230;<\/p>\n","protected":false},"author":1,"featured_media":9691,"comment_status":"closed","ping_status":"open","sticky":false,"template":"","format":"standard","meta":{"footnotes":""},"categories":[14,15,10,2],"tags":[],"class_list":["post-9672","post","type-post","status-publish","format-standard","has-post-thumbnail","hentry","category-accions-culturals","category-accions-socials","category-activitats","category-uncategorized"],"_links":{"self":[{"href":"http:\/\/fundaciolluiscoromina.org\/index.php\/wp-json\/wp\/v2\/posts\/9672","targetHints":{"allow":["GET"]}}],"collection":[{"href":"http:\/\/fundaciolluiscoromina.org\/index.php\/wp-json\/wp\/v2\/posts"}],"about":[{"href":"http:\/\/fundaciolluiscoromina.org\/index.php\/wp-json\/wp\/v2\/types\/post"}],"author":[{"embeddable":true,"href":"http:\/\/fundaciolluiscoromina.org\/index.php\/wp-json\/wp\/v2\/users\/1"}],"replies":[{"embeddable":true,"href":"http:\/\/fundaciolluiscoromina.org\/index.php\/wp-json\/wp\/v2\/comments?post=9672"}],"version-history":[{"count":7,"href":"http:\/\/fundaciolluiscoromina.org\/index.php\/wp-json\/wp\/v2\/posts\/9672\/revisions"}],"predecessor-version":[{"id":9695,"href":"http:\/\/fundaciolluiscoromina.org\/index.php\/wp-json\/wp\/v2\/posts\/9672\/revisions\/9695"}],"wp:featuredmedia":[{"embeddable":true,"href":"http:\/\/fundaciolluiscoromina.org\/index.php\/wp-json\/wp\/v2\/media\/9691"}],"wp:attachment":[{"href":"http:\/\/fundaciolluiscoromina.org\/index.php\/wp-json\/wp\/v2\/media?parent=9672"}],"wp:term":[{"taxonomy":"category","embeddable":true,"href":"http:\/\/fundaciolluiscoromina.org\/index.php\/wp-json\/wp\/v2\/categories?post=9672"},{"taxonomy":"post_tag","embeddable":true,"href":"http:\/\/fundaciolluiscoromina.org\/index.php\/wp-json\/wp\/v2\/tags?post=9672"}],"curies":[{"name":"wp","href":"https:\/\/api.w.org\/{rel}","templated":true}]}}