{"id":979,"date":"2011-12-24T08:00:13","date_gmt":"2011-12-24T08:00:13","guid":{"rendered":"http:\/\/espaieatart.wordpress.com\/?p=979"},"modified":"2011-12-24T08:00:13","modified_gmt":"2011-12-24T08:00:13","slug":"lespai-eat-art-i-el-showroom-impulsors-dels-homenatges-als-5-anys-de-la-mort-de-carles-fontsere","status":"publish","type":"post","link":"http:\/\/fundaciolluiscoromina.org\/index.php\/2011\/12\/24\/lespai-eat-art-i-el-showroom-impulsors-dels-homenatges-als-5-anys-de-la-mort-de-carles-fontsere\/","title":{"rendered":"L&#8217;espai eat art i el showroom impulsors dels homenatges als 5 anys de la mort de Carles Fontser\u00e8"},"content":{"rendered":"<p>Els nostres espais han estat els impulsors, amb la complicitat, entre altres, d&#8217;alcaldia i la regidoria de cultura de l&#8217;Ajuntament de Banyoles, de la comissi\u00f3 per dur a terme els actes d&#8217;homenatge al cinqu\u00e8 aniversari de la mort de l&#8217;artista i activista pol\u00edtic Carles Fontser\u00e8. L&#8217;autor, nascut a Barcelona per\u00f2 erradicat al Pla de l&#8217;Estany des de feia m\u00e9s de 30 anys, va esdevenir un puntal en les lluites contra les dictadures i els totalitarismes del segle XX i, molt especialment, contra el franquisme.<\/p>\n<p>Republic\u00e0 i home de conviccions va treballar a l&#8217;exili durant molts anys exercint tota classe de feines. Amic \u00edntim de l&#8217;artista Antoni Clav\u00e9 i a banda de dibuixant, pintor i cartellista, fotoperdiosme de gran qualitat, en els seu diversos viatges va con\u00e8ixer a Nova York la que fou la seva dona, Terry Broch, que en aquests moments \u00e9s una de les persones que s&#8217;ha posat al capdavant d&#8217;aquest seguit d&#8217;actes. El primer dels quals es dur\u00e0 a terme el dia 10 de gener a l&#8217;<strong>Ateneu de Banyoles<\/strong> de manera totalment gratu\u00efta.<\/p>\n<p><strong><em>OBRINT EL M\u00d3N (carles fontser\u00e8 versus teresa p\u00e0mies) <\/em><\/strong>\u00e9s el t\u00edtol de l&#8217;espectacle que obrir\u00e0 els actes del 5\u00e8 aniversari de la mort de Carles Fontser\u00e8. L&#8217;espectacle, que es va estrenar per primer cop a la Jonquera, posteriorment itinerar\u00e0 a Manlleu. A trav\u00e9s de la paraula s\u2019expressen, en aquesta proposta de lectura viva, itineraris o experi\u00e8ncies humanes dels quals tants escriptors han deixat const\u00e0ncia en la seva obra escrita. Persones que van viure la cat\u00e0strofe dels successos del 1936 en endavant i que, per damunt de tot, ens han llegat l\u2019exemple del comprom\u00eds incondicional amb la lluita per la dignitat en tots els sentits i amb la llibertat a tots els seus efectes. La idea original \u00e9s de Jordi Font, director del Museu de l&#8217;Exili i el poeta Roger Costa-Pau.<\/p>\n<p>En aquesta ocasi\u00f3, amb les veus de Gemma G\u00f3mez i Albert Prat, ens endinsarem en dos universos: el de l\u2019escriptora Teresa P\u00e0mies<strong> <\/strong>(Balaguer, 1919) i el del cartellista Carles Fontser\u00e8 (Barcelona, 1916 &#8211; Girona, 2007). Una proposta produ\u00efda pel Museu de l\u2019Exili de la Jonquera, dins el cicle <em>La paraula a l\u2019exili<\/em>, i coorganitzada per l&#8217;Ateneu i l&#8217;espai eat art &#8211; llu\u00eds vil\u00e0 showroom &#8211; el puntal.<\/p>\n<div id=\"attachment_980\" style=\"width: 309px\" class=\"wp-caption alignnone\"><a href=\"http:\/\/espaieatart.files.wordpress.com\/2011\/12\/carles-fontsere-2002-cataleg-mexic-mdg.jpeg\"><img loading=\"lazy\" decoding=\"async\" aria-describedby=\"caption-attachment-980\" class=\" wp-image-980\" title=\"carles-fontsere-2002-cataleg-mexic-mdg\" src=\"http:\/\/espaieatart.files.wordpress.com\/2011\/12\/carles-fontsere-2002-cataleg-mexic-mdg.jpeg\" alt=\"\" width=\"299\" height=\"410\" \/><\/a><p id=\"caption-attachment-980\" class=\"wp-caption-text\">portada del cat\u00e0leg editat a Barcelona pel centre d&#039;art santa m\u00f2nica sobre fotografies de M\u00e8xic<\/p><\/div>\n","protected":false},"excerpt":{"rendered":"<p>Els nostres espais han estat els impulsors, amb la complicitat, entre altres, d&#8217;alcaldia i la regidoria de cultura de l&#8217;Ajuntament &#8230;<\/p>\n","protected":false},"author":1,"featured_media":980,"comment_status":"open","ping_status":"open","sticky":false,"template":"","format":"standard","meta":{"footnotes":""},"categories":[9],"tags":[24,62,25,27,63,64,65,66,47,67,53,68,69,70],"class_list":["post-979","post","type-post","status-publish","format-standard","has-post-thumbnail","hentry","category-historic","tag-art","tag-ateneu","tag-contemporani","tag-espai-eat-art","tag-fotografia","tag-fotoperiodisme","tag-francesc-viladiu","tag-jordi-font","tag-lluis-vila-showroom","tag-poesia","tag-ricard-planas","tag-roger-costa-pau","tag-teresa-pamies","tag-terry-broch"],"_links":{"self":[{"href":"http:\/\/fundaciolluiscoromina.org\/index.php\/wp-json\/wp\/v2\/posts\/979","targetHints":{"allow":["GET"]}}],"collection":[{"href":"http:\/\/fundaciolluiscoromina.org\/index.php\/wp-json\/wp\/v2\/posts"}],"about":[{"href":"http:\/\/fundaciolluiscoromina.org\/index.php\/wp-json\/wp\/v2\/types\/post"}],"author":[{"embeddable":true,"href":"http:\/\/fundaciolluiscoromina.org\/index.php\/wp-json\/wp\/v2\/users\/1"}],"replies":[{"embeddable":true,"href":"http:\/\/fundaciolluiscoromina.org\/index.php\/wp-json\/wp\/v2\/comments?post=979"}],"version-history":[{"count":0,"href":"http:\/\/fundaciolluiscoromina.org\/index.php\/wp-json\/wp\/v2\/posts\/979\/revisions"}],"wp:attachment":[{"href":"http:\/\/fundaciolluiscoromina.org\/index.php\/wp-json\/wp\/v2\/media?parent=979"}],"wp:term":[{"taxonomy":"category","embeddable":true,"href":"http:\/\/fundaciolluiscoromina.org\/index.php\/wp-json\/wp\/v2\/categories?post=979"},{"taxonomy":"post_tag","embeddable":true,"href":"http:\/\/fundaciolluiscoromina.org\/index.php\/wp-json\/wp\/v2\/tags?post=979"}],"curies":[{"name":"wp","href":"https:\/\/api.w.org\/{rel}","templated":true}]}}