{"id":984,"date":"2011-12-25T09:00:16","date_gmt":"2011-12-25T09:00:16","guid":{"rendered":"http:\/\/espaieatart.wordpress.com\/?p=984"},"modified":"2011-12-25T09:00:16","modified_gmt":"2011-12-25T09:00:16","slug":"rafael-marquina-artista-i-un-dels-referents-del-disseny-a-la-peninsula-cedeix-les-seves-escultures-a-el-puntal-lluis-vila-showroom","status":"publish","type":"post","link":"http:\/\/fundaciolluiscoromina.org\/index.php\/2011\/12\/25\/rafael-marquina-artista-i-un-dels-referents-del-disseny-a-la-peninsula-cedeix-les-seves-escultures-a-el-puntal-lluis-vila-showroom\/","title":{"rendered":"Rafael Marquina, artista i referent del disseny, diposita les seves escultures al Showroom"},"content":{"rendered":"<p>Rafael Marquina \u00e9s una de les figures m\u00e9s importants del disseny industrial arreu de la pen\u00ednsula. Conegut com l&#8217;home que va dissenyar la multiplagiada setrillera Marquina, aquella que no degota l&#8217;oli \u2013o el vinagre\u2013 que cont\u00e9 en la decantaci\u00f3, va formalitzar el dip\u00f2sit d&#8217;una vintena de les seves escultures -la totalitat que t\u00e9 en l&#8217;actualitat- a El Puntal &#8211; Llu\u00eds Vil\u00e0 Showroom. A canvi, els nostres espais es comprometen a fer-ne difusi\u00f3 i, en el cas pertinent, la seva comercialitzaci\u00f3.<\/p>\n<p>Una de les primeres accions ha estat incloure les escultures, de car\u00e0cter minimal i racionalista, dins la col\u00b7lectiva Made in Banyoles#2 amb una \u00e0mplia representaci\u00f3 d&#8217;autors contemporani del Pla de l&#8217;Estany. Marquina beu de la tradici\u00f3 dels grans escultors com Oteiza o els constructivistes russos o l&#8217;art concret centreeuropeu.<\/p>\n<p><a href=\"http:\/\/espaieatart.files.wordpress.com\/2011\/12\/marquina2.jpeg\"><img loading=\"lazy\" decoding=\"async\" class=\"alignnone size-full wp-image-985\" title=\"marquina2\" src=\"http:\/\/espaieatart.files.wordpress.com\/2011\/12\/marquina2.jpeg\" alt=\"\" width=\"590\" height=\"366\" \/><\/a><\/p>\n","protected":false},"excerpt":{"rendered":"<p>Rafael Marquina \u00e9s una de les figures m\u00e9s importants del disseny industrial arreu de la pen\u00ednsula. Conegut com l&#8217;home que &#8230;<\/p>\n","protected":false},"author":1,"featured_media":985,"comment_status":"open","ping_status":"open","sticky":false,"template":"","format":"standard","meta":{"footnotes":""},"categories":[9],"tags":[],"class_list":["post-984","post","type-post","status-publish","format-standard","has-post-thumbnail","hentry","category-historic"],"_links":{"self":[{"href":"http:\/\/fundaciolluiscoromina.org\/index.php\/wp-json\/wp\/v2\/posts\/984","targetHints":{"allow":["GET"]}}],"collection":[{"href":"http:\/\/fundaciolluiscoromina.org\/index.php\/wp-json\/wp\/v2\/posts"}],"about":[{"href":"http:\/\/fundaciolluiscoromina.org\/index.php\/wp-json\/wp\/v2\/types\/post"}],"author":[{"embeddable":true,"href":"http:\/\/fundaciolluiscoromina.org\/index.php\/wp-json\/wp\/v2\/users\/1"}],"replies":[{"embeddable":true,"href":"http:\/\/fundaciolluiscoromina.org\/index.php\/wp-json\/wp\/v2\/comments?post=984"}],"version-history":[{"count":0,"href":"http:\/\/fundaciolluiscoromina.org\/index.php\/wp-json\/wp\/v2\/posts\/984\/revisions"}],"wp:attachment":[{"href":"http:\/\/fundaciolluiscoromina.org\/index.php\/wp-json\/wp\/v2\/media?parent=984"}],"wp:term":[{"taxonomy":"category","embeddable":true,"href":"http:\/\/fundaciolluiscoromina.org\/index.php\/wp-json\/wp\/v2\/categories?post=984"},{"taxonomy":"post_tag","embeddable":true,"href":"http:\/\/fundaciolluiscoromina.org\/index.php\/wp-json\/wp\/v2\/tags?post=984"}],"curies":[{"name":"wp","href":"https:\/\/api.w.org\/{rel}","templated":true}]}}